{"id":298,"date":"2022-10-18T17:09:41","date_gmt":"2022-10-18T15:09:41","guid":{"rendered":"http:\/\/cabinetdelitterature.fr\/?p=298"},"modified":"2022-10-18T17:10:18","modified_gmt":"2022-10-18T15:10:18","slug":"la-terre-emile-zola","status":"publish","type":"post","link":"http:\/\/cabinetdelitterature.fr\/?p=298","title":{"rendered":"La Terre &#8211; \u00c9mile Zola"},"content":{"rendered":"\n<p><\/p>\n\n\n\n<h3 class=\"wp-block-heading\">La Campagne Fran\u00e7aise<\/h3>\n\n\n\n<p>Dans <em>La Terre<\/em> on d\u00e9couvre la famille Fouan, une famille de paysans qui se d\u00e9chire pour la terre et l&rsquo;h\u00e9ritage du p\u00e8re. Vieil agriculteur, il est trop fatigu\u00e9 pour poursuivre le travail harassant dans les champs. Ne souhaitant pas voir sa terre d\u00e9p\u00e9rir, il d\u00e9cide de la partager en trois et la donner \u00e0 ses enfants. Bien s\u00fbr, la plume dramatique <strong>Zola<\/strong> ne s&rsquo;arr\u00eate pas l\u00e0 et nous montre \u00e0 quel point l&rsquo;Homme peut \u00eatre envieux, jaloux et cupide.  <\/p>\n\n\n\n<p>Nous sommes dans un \u00e9pisode des <em>Rougon-Macquart<\/em>, ne l&rsquo;oublions pas, et la famille doit bien \u00eatre repr\u00e9sent\u00e9e par l&rsquo;un de ses membres. Dans <em>La Terre<\/em>, c&rsquo;est Jean Macquart qui s&rsquo;y colle. Fr\u00e8re de Gervaise, h\u00e9ro\u00efne de l&rsquo;<em>Assommoir<\/em>, il n&rsquo;est pas un h\u00e9ros, ni m\u00eame le personnage principal du roman, c&rsquo;est un \u00e9tranger venu de la ville, un t\u00e9moin de la vie du village. <\/p>\n\n\n\n<p>Car l&rsquo;histoire du roman n&rsquo;est qu&rsquo;un pr\u00e9texte pour d\u00e9crire la vie paysanne fran\u00e7aise du XIX\u00e8me si\u00e8cle. <\/p>\n\n\n\n<p><strong>Zola<\/strong> chef de file du naturalisme &#8211; ce mouvement litt\u00e9raire du XIX\u00e8me qui cherchait \u00e0 d\u00e9peindre la r\u00e9alit\u00e9 de la mani\u00e8re la plus pr\u00e9cise possible en s&rsquo;appuyant notamment sur des travaux minutieux de documentation &#8211; r\u00e9alise ici un travail descriptif impressionnant : les diff\u00e9rentes techniques utilis\u00e9es en agriculture, les diff\u00e9rents grains et semences plant\u00e9s, les diff\u00e9rents m\u00e9tiers que l&rsquo;on retrouve \u00e0 la campagne, le rythme de vie des paysans, le tout d\u00e9crit dans une terminologie technique et moult d\u00e9tails. L&rsquo;auteur ne nous \u00e9pargne pas et n&rsquo;h\u00e9site pas \u00e0 faire souffrir ses personnages avec des journ\u00e9es enti\u00e8res pass\u00e9es sous un soleil de plomb \u00e0 ramasser les r\u00e9coltes, ou dans le froid \u00e0 entretenir sa terre. Une vie difficile, terne, qui ne fait pas de cadeaux. Rien que pour \u00e7a <em>La Terre<\/em> devrait \u00eatre davantage reconnu. <\/p>\n\n\n\n<p>Si vous connaissez Zola, vous vous doutez qu&rsquo;il ne s&rsquo;arr\u00eate pas l\u00e0 et d\u00e9crit aussi le climat politique de l&rsquo;\u00e9poque et notamment une guerre qui semble se pr\u00e9parer contre la Prusse. On apprend que les appel\u00e9s \u00e9taient tir\u00e9s au sort, une vraie trag\u00e9die pour les campagnes qui perdaient alors des travailleurs et les retrouvaient chang\u00e9s par un conflit dont ils n&rsquo;avaient rien \u00e0 faire. <\/p>\n\n\n\n<blockquote class=\"wp-block-quote is-layout-flow wp-block-quote-is-layout-flow\"><p>&#8211; Ah ! la guerre, murmure Fouan, elle en fait du mal ! C&rsquo;est la mort de la culture&#8230; Oui, quand les gar\u00e7ons partent, les meilleurs bras s&rsquo;en vont, on le voit bien \u00e0 la besogne ; et, quand ils reviennent, dame ! ils sont chang\u00e9s, ils n&rsquo;ont plus le coeur \u00e0 la charrue&#8230; Vaudrait mieux le chol\u00e9ra que la guerre !<\/p><cite>La Terre &#8211; Zola<\/cite><\/blockquote>\n\n\n\n<p><br>On comprend rapidement que la campagne est un territoire \u00e0 part enti\u00e8re. La majorit\u00e9 des paysans ne se pr\u00e9occupe pas des affaires de l&rsquo;\u00e9tat, ils ont d\u00e9j\u00e0 bien assez \u00e0 faire chez eux, dans cette campagne, une terre \u00e9trang\u00e8re pour les politiques qui ne s&rsquo;y int\u00e9ressent que par obligation. Mais il existe tout de m\u00eame une minorit\u00e9 d&rsquo;agriculteurs qui se soucient de l&rsquo;avenir et des nouvelles technologies qui pourraient les aider dans leur travail. Zola nous d\u00e9crit le r\u00eave de l&rsquo;un d&rsquo;eux qui imagine une campagne enti\u00e8rement automatis\u00e9e o\u00f9 le paysan laisserait les machines s&rsquo;occuper de la terre, et retournerait dans les champs uniquement pour les r\u00e9parer. Un paysan qui pourrait alors profiter de l&rsquo;existence et de ses plaisirs. Une utopie rurale bas\u00e9e sur des id\u00e9es communistes.<\/p>\n\n\n\n<p><em>La Terre<\/em> est un roman qui foisonne de d\u00e9tails, un roman dur et cruel qui est tr\u00e8s loin de l&rsquo;id\u00e9e bucolique et innocente que l&rsquo;on pourrait se faire de la campagne.<\/p>\n\n\n<div class=\"wp-block-image\">\n<figure class=\"aligncenter size-large is-resized\"><img loading=\"lazy\" decoding=\"async\" src=\"http:\/\/cabinetdelitterature.fr\/wp-content\/uploads\/2022\/10\/Sans-titre223-1024x279.png\" alt=\"\" class=\"wp-image-314\" width=\"396\" height=\"107\" srcset=\"http:\/\/cabinetdelitterature.fr\/wp-content\/uploads\/2022\/10\/Sans-titre223-1024x279.png 1024w, http:\/\/cabinetdelitterature.fr\/wp-content\/uploads\/2022\/10\/Sans-titre223-300x82.png 300w, http:\/\/cabinetdelitterature.fr\/wp-content\/uploads\/2022\/10\/Sans-titre223-768x209.png 768w, http:\/\/cabinetdelitterature.fr\/wp-content\/uploads\/2022\/10\/Sans-titre223-350x95.png 350w, http:\/\/cabinetdelitterature.fr\/wp-content\/uploads\/2022\/10\/Sans-titre223.png 1080w\" sizes=\"auto, (max-width: 396px) 100vw, 396px\" \/><\/figure>\n<\/div>\n\n\n<h3 class=\"wp-block-heading\">Mon avis<\/h3>\n\n\n\n<p>Bien que je fasse l&rsquo;\u00e9loge du travail fourni par <strong>Zola<\/strong> sur <em>La Terre<\/em>, je dois avouer que certains passages (assez nombreux pour \u00eatre cit\u00e9s) ont \u00e9t\u00e9 particuli\u00e8rement p\u00e9nibles \u00e0 lire. Je ne parle pas l\u00e0 des nombreuses descriptions \u00e0 rallonge que j&rsquo;ai trouv\u00e9 tr\u00e8s int\u00e9ressantes, mais des personnages, de leur comportement et du coup, de la vision que <strong>Zola<\/strong> nous transmet des paysans. <\/p>\n\n\n\n<p>L&rsquo;auteur nous les d\u00e9peint comme de v\u00e9ritables animaux assoiff\u00e9s de sexe, vulgaires et violents. Parce que <em>La Terre<\/em>, c&rsquo;est aussi des sc\u00e8nes d&rsquo;inceste, de viol (notamment de mineurs) et de violence qui atteignent un tel paroxysme que la lecture en devient \u00e9pouvantable. <\/p>\n\n\n\n<p>Le village devient un tel lieu de d\u00e9bauche et d&rsquo;exc\u00e8s que m\u00eame l&rsquo;abb\u00e9 finit par partir. Un moment symbolique dans le roman qui octroie aux villageois un statut inhumain, d&rsquo;\u00eatres qui ne m\u00e9ritent pas m\u00eame de recevoir la gr\u00e2ce divine (\u00e0 noter qu&rsquo;au XIX\u00e8me la religion, bien que commen\u00e7ant \u00e0 s\u2019essouffler, avait une importance encore consid\u00e9rable).<\/p>\n\n\n\n<blockquote class=\"wp-block-quote is-layout-flow wp-block-quote-is-layout-flow\"><p>[L&rsquo;abb\u00e9] avait d\u00e9clar\u00e9 \u00e0 monseigneur qu&rsquo;il aimait mieux se faire casser que de rapporter le bon Dieu dans un pays d&rsquo;abomination, o\u00f9 on le recevait si mal, tous paillard et ivrognes, tous damn\u00e9s depuis qu&rsquo;ils ne croyaient plus au diable.<\/p><cite>La Terre &#8211; Zola<\/cite><\/blockquote>\n\n\n\n<p>Dans un premier temps, je me suis emport\u00e9e face \u00e0 ce roman, sa vulgarit\u00e9, son traitement de la sexualit\u00e9 et sa violence. En fait, sur le moment, <strong>Zola<\/strong> m&rsquo;a tout simplement d\u00e9\u00e7ue. Je n&rsquo;ai pas compris son besoin d&rsquo;amocher \u00e0 ce point la r\u00e9alit\u00e9, de briser encore davantage l&rsquo;humanit\u00e9 des paysans alors que leur quotidien s&rsquo;en charge d\u00e9j\u00e0 largement pour eux.<\/p>\n\n\n\n<p>Ayant pris un peu de recul et apr\u00e8s avoir lu la pr\u00e9face, j&rsquo;ai compris que mon malaise, ma col\u00e8re \u00e9taient voulus par<strong> Zola<\/strong>. C&rsquo;est son but avec <em>La Terre<\/em>. Il veut bazarder la biens\u00e9ance, montrer la vie telle qu&rsquo;elle est, crue, sale et obsc\u00e8ne.  Et c&rsquo;est le cas dans tous ses romans, avec des personnages ignobles, du drame en veux-tu en voil\u00e0. Seulement ici, il est all\u00e9 trop loin \u00e0 mon go\u00fbt. <br><em>La Terre<\/em> semble vouloir montrer une facette tellement pourrie de l&rsquo;existence que <strong>Zola<\/strong> accumule l&rsquo;abject jusqu&rsquo;\u00e0 s&rsquo;enfoncer dans l&rsquo;extr\u00eame et le grotesque. <\/p>\n\n\n<div class=\"wp-block-image\">\n<figure class=\"aligncenter size-large is-resized\"><img loading=\"lazy\" decoding=\"async\" src=\"http:\/\/cabinetdelitterature.fr\/wp-content\/uploads\/2022\/10\/Sans-titre223-1024x279.png\" alt=\"\" class=\"wp-image-314\" width=\"396\" height=\"107\" srcset=\"http:\/\/cabinetdelitterature.fr\/wp-content\/uploads\/2022\/10\/Sans-titre223-1024x279.png 1024w, http:\/\/cabinetdelitterature.fr\/wp-content\/uploads\/2022\/10\/Sans-titre223-300x82.png 300w, http:\/\/cabinetdelitterature.fr\/wp-content\/uploads\/2022\/10\/Sans-titre223-768x209.png 768w, http:\/\/cabinetdelitterature.fr\/wp-content\/uploads\/2022\/10\/Sans-titre223-350x95.png 350w, http:\/\/cabinetdelitterature.fr\/wp-content\/uploads\/2022\/10\/Sans-titre223.png 1080w\" sizes=\"auto, (max-width: 396px) 100vw, 396px\" \/><\/figure>\n<\/div>\n\n\n<p>Du coup vient se poser la question suivante : est-ce que <strong>Zola<\/strong> ne dessert pas l&rsquo;intention premi\u00e8re du naturalisme ? A savoir montrer la r\u00e9alit\u00e9 telle qu&rsquo;elle est ? Puisque cette surench\u00e8re finit par devenir ridicule plus qu&rsquo;elle n&rsquo;est abominable. N&rsquo;est-ce pas trafiquer le r\u00e9el que d&rsquo;ajouter autant de dramatique \u00e0 son histoire ? Son envie de choquer n&rsquo;a-t-elle pas pris le pas sur l&rsquo;essence m\u00eame du naturalisme ? <br>Il est aussi int\u00e9ressant de se questionner sur la r\u00e9ception de ce roman lors de sa premi\u00e8re publication ? A-t-il choqu\u00e9 ou a-t-il \u00e9t\u00e9 applaudi ?<\/p>\n\n\n\n<p>Vous avez quatre heures.<\/p>\n","protected":false},"excerpt":{"rendered":"<p>La Campagne Fran\u00e7aise Dans La Terre on d\u00e9couvre la famille Fouan, une famille de paysans qui se d\u00e9chire pour la terre et l&rsquo;h\u00e9ritage du p\u00e8re. Vieil agriculteur, il est trop fatigu\u00e9 pour poursuivre le travail harassant dans les champs. Ne souhaitant pas voir sa terre&#8230;<br \/><a href=\"http:\/\/cabinetdelitterature.fr\/?p=298\" class=\"button read-more\">Lire la suite<\/a><\/p>\n","protected":false},"author":1,"featured_media":299,"comment_status":"open","ping_status":"open","sticky":false,"template":"","format":"standard","meta":{"_genesis_hide_title":false,"_genesis_hide_breadcrumbs":false,"_genesis_hide_singular_image":true,"_genesis_hide_footer_widgets":false,"_genesis_custom_body_class":"","_genesis_custom_post_class":"","_genesis_layout":"","footnotes":""},"categories":[3],"tags":[],"class_list":{"0":"post-298","1":"post","2":"type-post","3":"status-publish","4":"format-standard","5":"has-post-thumbnail","7":"category-romans","8":"entry"},"aioseo_notices":[],"_links":{"self":[{"href":"http:\/\/cabinetdelitterature.fr\/index.php?rest_route=\/wp\/v2\/posts\/298","targetHints":{"allow":["GET"]}}],"collection":[{"href":"http:\/\/cabinetdelitterature.fr\/index.php?rest_route=\/wp\/v2\/posts"}],"about":[{"href":"http:\/\/cabinetdelitterature.fr\/index.php?rest_route=\/wp\/v2\/types\/post"}],"author":[{"embeddable":true,"href":"http:\/\/cabinetdelitterature.fr\/index.php?rest_route=\/wp\/v2\/users\/1"}],"replies":[{"embeddable":true,"href":"http:\/\/cabinetdelitterature.fr\/index.php?rest_route=%2Fwp%2Fv2%2Fcomments&post=298"}],"version-history":[{"count":31,"href":"http:\/\/cabinetdelitterature.fr\/index.php?rest_route=\/wp\/v2\/posts\/298\/revisions"}],"predecessor-version":[{"id":331,"href":"http:\/\/cabinetdelitterature.fr\/index.php?rest_route=\/wp\/v2\/posts\/298\/revisions\/331"}],"wp:featuredmedia":[{"embeddable":true,"href":"http:\/\/cabinetdelitterature.fr\/index.php?rest_route=\/wp\/v2\/media\/299"}],"wp:attachment":[{"href":"http:\/\/cabinetdelitterature.fr\/index.php?rest_route=%2Fwp%2Fv2%2Fmedia&parent=298"}],"wp:term":[{"taxonomy":"category","embeddable":true,"href":"http:\/\/cabinetdelitterature.fr\/index.php?rest_route=%2Fwp%2Fv2%2Fcategories&post=298"},{"taxonomy":"post_tag","embeddable":true,"href":"http:\/\/cabinetdelitterature.fr\/index.php?rest_route=%2Fwp%2Fv2%2Ftags&post=298"}],"curies":[{"name":"wp","href":"https:\/\/api.w.org\/{rel}","templated":true}]}}